{"id":809,"date":"2016-01-26T09:07:00","date_gmt":"2016-01-26T09:07:00","guid":{"rendered":"http:\/\/ebader.com\/?p=809"},"modified":"2018-07-18T10:06:40","modified_gmt":"2018-07-18T09:06:40","slug":"salimos-en-la-vanguardia","status":"publish","type":"post","link":"https:\/\/ebader.com\/en\/salimos-en-la-vanguardia\/","title":{"rendered":"SALIMOS EN LA VANGUARDIA"},"content":{"rendered":"<div class=\"fusion-fullwidth fullwidth-box fusion-builder-row-1 nonhundred-percent-fullwidth non-hundred-percent-height-scrolling\" style=\"--awb-background-position:left top;--awb-border-radius-top-left:0px;--awb-border-radius-top-right:0px;--awb-border-radius-bottom-right:0px;--awb-border-radius-bottom-left:0px;--awb-padding-top:20px;--awb-padding-bottom:20px;--awb-border-sizes-top:0px;--awb-border-sizes-bottom:0px;--awb-flex-wrap:wrap;\" ><div class=\"fusion-builder-row fusion-row\"><div class=\"fusion-layout-column fusion_builder_column fusion-builder-column-0 fusion_builder_column_1_1 1_1 fusion-one-full fusion-column-first fusion-column-last\" style=\"--awb-bg-size:cover;\"><div class=\"fusion-column-wrapper fusion-flex-column-wrapper-legacy\"><div class=\"fusion-text fusion-text-1\"><h2><span style=\"text-decoration: underline\"><span style=\"color: #ff8000;text-decoration: underline\">ENTREVISTA EN EL PERI\u00d3DICO LA VANGUARDIA<\/span><\/span><\/h2>\n<p>Hoy martes 26 de Enero de 2016 hemos salido en el peri\u00f3dico LA VANGUARDIA y nos han dedicado una pagina\u00a0completa a color en el <strong><em>monogr\u00e1fico especial<\/em><\/strong> que se encuentra en las paginas centrales del diario, con una breve entrevista en la cual explicamos nuestros inicios, nuestro producto y nuestros pr\u00f3ximos objetivos. Estando presentes en la edici\u00f3n Nacional, edici\u00f3n Catalana y tambi\u00e9n en la edici\u00f3n digital de <a href=\"http:\/\/www.guiadeprensa.com\/prensa\/la_vanguardia\/2016\/01\/26\/mas_industria_mas_progreso\">lavanguardia.com<\/a>.<\/p>\n<\/div><div class=\"fusion-clearfix\"><\/div><\/div><\/div><div class=\"fusion-layout-column fusion_builder_column fusion-builder-column-1 fusion_builder_column_1_1 1_1 fusion-one-full fusion-column-first fusion-column-last\" style=\"--awb-bg-size:cover;\"><div class=\"fusion-column-wrapper fusion-flex-column-wrapper-legacy\"><div class=\"fusion-image-element in-legacy-container\" style=\"--awb-caption-title-font-family:var(--h2_typography-font-family);--awb-caption-title-font-weight:var(--h2_typography-font-weight);--awb-caption-title-font-style:var(--h2_typography-font-style);--awb-caption-title-size:var(--h2_typography-font-size);--awb-caption-title-transform:var(--h2_typography-text-transform);--awb-caption-title-line-height:var(--h2_typography-line-height);--awb-caption-title-letter-spacing:var(--h2_typography-letter-spacing);\"><span class=\" fusion-imageframe imageframe-none imageframe-1 hover-type-none\"><a href=\"https:\/\/ebader.com\/wp-content\/uploads\/2016\/01\/La-Vanguardia3.jpg\" class=\"fusion-lightbox\" data-rel=\"iLightbox[91a08cb78b3d8f6fda9]\" data-title=\"La Vanguardia3\" title=\"La Vanguardia3\"><img decoding=\"async\" width=\"1000\" height=\"1434\" src=\"https:\/\/ebader.com\/wp-content\/uploads\/2016\/01\/La-Vanguardia3.jpg\" alt class=\"img-responsive wp-image-1352\" srcset=\"https:\/\/ebader.com\/wp-content\/uploads\/2016\/01\/La-Vanguardia3-244x350.jpg 244w, https:\/\/ebader.com\/wp-content\/uploads\/2016\/01\/La-Vanguardia3-714x1024.jpg 714w, https:\/\/ebader.com\/wp-content\/uploads\/2016\/01\/La-Vanguardia3.jpg 1000w\" sizes=\"(max-width: 1000px) 100vw, 1000px\" \/><\/a><\/span><\/div><div class=\"fusion-clearfix\"><\/div><\/div><\/div><div class=\"fusion-layout-column fusion_builder_column fusion-builder-column-2 fusion_builder_column_1_1 1_1 fusion-one-full fusion-column-first fusion-column-last\" style=\"--awb-bg-size:cover;\"><div class=\"fusion-column-wrapper fusion-flex-column-wrapper-legacy\"><div class=\"fusion-text fusion-text-2\"><p><a href=\"https:\/\/ebader.com\/wp-content\/uploads\/2016\/01\/La-Vanguardia.pdf\" target=\"_blank\">DESCARGA LA NOTICIA EN PDF<\/a><\/p>\n<\/div><div class=\"fusion-clearfix\"><\/div><\/div><\/div><\/div><\/div>\n","protected":false},"excerpt":{"rendered":"","protected":false},"author":3,"featured_media":0,"comment_status":"closed","ping_status":"open","sticky":false,"template":"","format":"standard","meta":{"footnotes":""},"categories":[29],"tags":[],"class_list":["post-809","post","type-post","status-publish","format-standard","hentry","category-noticias"],"yoast_head":"<!-- This site is optimized with the Yoast SEO plugin v27.4 - https:\/\/yoast.com\/product\/yoast-seo-wordpress\/ -->\n<title>SALIMOS EN LA VANGUARDIA - EBADER. COMERCIAL FURNITURE MANUFACTURER<\/title>\n<meta name=\"robots\" content=\"index, follow, max-snippet:-1, max-image-preview:large, max-video-preview:-1\" \/>\n<link rel=\"canonical\" href=\"https:\/\/ebader.com\/en\/salimos-en-la-vanguardia\/\" \/>\n<meta property=\"og:locale\" content=\"en_US\" \/>\n<meta property=\"og:type\" content=\"article\" \/>\n<meta property=\"og:title\" content=\"SALIMOS EN LA VANGUARDIA - EBADER. COMERCIAL FURNITURE MANUFACTURER\" \/>\n<meta property=\"og:url\" content=\"https:\/\/ebader.com\/en\/salimos-en-la-vanguardia\/\" \/>\n<meta property=\"og:site_name\" content=\"EBADER. COMERCIAL FURNITURE MANUFACTURER\" \/>\n<meta property=\"article:published_time\" content=\"2016-01-26T09:07:00+00:00\" \/>\n<meta property=\"article:modified_time\" content=\"2018-07-18T09:06:40+00:00\" \/>\n<meta property=\"og:image\" content=\"https:\/\/ebader.com\/wp-content\/uploads\/2016\/01\/La-Vanguardia3.jpg\" \/>\n<meta name=\"author\" content=\"EBADER\" \/>\n<meta name=\"twitter:card\" content=\"summary_large_image\" \/>\n<meta name=\"twitter:label1\" content=\"Written by\" \/>\n\t<meta name=\"twitter:data1\" content=\"EBADER\" \/>\n\t<meta name=\"twitter:label2\" content=\"Est. reading time\" \/>\n\t<meta name=\"twitter:data2\" content=\"2 minutes\" \/>\n<script type=\"application\/ld+json\" class=\"yoast-schema-graph\">{\"@context\":\"https:\\\/\\\/schema.org\",\"@graph\":[{\"@type\":\"Article\",\"@id\":\"https:\\\/\\\/ebader.com\\\/en\\\/salimos-en-la-vanguardia\\\/#article\",\"isPartOf\":{\"@id\":\"https:\\\/\\\/ebader.com\\\/en\\\/salimos-en-la-vanguardia\\\/\"},\"author\":{\"name\":\"EBADER\",\"@id\":\"https:\\\/\\\/ebader.com\\\/en\\\/#\\\/schema\\\/person\\\/fa7822db322179468db5ce930cb59faf\"},\"headline\":\"SALIMOS EN LA VANGUARDIA\",\"datePublished\":\"2016-01-26T09:07:00+00:00\",\"dateModified\":\"2018-07-18T09:06:40+00:00\",\"mainEntityOfPage\":{\"@id\":\"https:\\\/\\\/ebader.com\\\/en\\\/salimos-en-la-vanguardia\\\/\"},\"wordCount\":387,\"image\":{\"@id\":\"https:\\\/\\\/ebader.com\\\/en\\\/salimos-en-la-vanguardia\\\/#primaryimage\"},\"thumbnailUrl\":\"https:\\\/\\\/ebader.com\\\/wp-content\\\/uploads\\\/2016\\\/01\\\/La-Vanguardia3.jpg\",\"articleSection\":[\"NOTICIAS\"],\"inLanguage\":\"en-US\"},{\"@type\":\"WebPage\",\"@id\":\"https:\\\/\\\/ebader.com\\\/en\\\/salimos-en-la-vanguardia\\\/\",\"url\":\"https:\\\/\\\/ebader.com\\\/en\\\/salimos-en-la-vanguardia\\\/\",\"name\":\"SALIMOS EN LA VANGUARDIA - EBADER. COMERCIAL FURNITURE MANUFACTURER\",\"isPartOf\":{\"@id\":\"https:\\\/\\\/ebader.com\\\/en\\\/#website\"},\"primaryImageOfPage\":{\"@id\":\"https:\\\/\\\/ebader.com\\\/en\\\/salimos-en-la-vanguardia\\\/#primaryimage\"},\"image\":{\"@id\":\"https:\\\/\\\/ebader.com\\\/en\\\/salimos-en-la-vanguardia\\\/#primaryimage\"},\"thumbnailUrl\":\"https:\\\/\\\/ebader.com\\\/wp-content\\\/uploads\\\/2016\\\/01\\\/La-Vanguardia3.jpg\",\"datePublished\":\"2016-01-26T09:07:00+00:00\",\"dateModified\":\"2018-07-18T09:06:40+00:00\",\"author\":{\"@id\":\"https:\\\/\\\/ebader.com\\\/en\\\/#\\\/schema\\\/person\\\/fa7822db322179468db5ce930cb59faf\"},\"breadcrumb\":{\"@id\":\"https:\\\/\\\/ebader.com\\\/en\\\/salimos-en-la-vanguardia\\\/#breadcrumb\"},\"inLanguage\":\"en-US\",\"potentialAction\":[{\"@type\":\"ReadAction\",\"target\":[\"https:\\\/\\\/ebader.com\\\/en\\\/salimos-en-la-vanguardia\\\/\"]}]},{\"@type\":\"ImageObject\",\"inLanguage\":\"en-US\",\"@id\":\"https:\\\/\\\/ebader.com\\\/en\\\/salimos-en-la-vanguardia\\\/#primaryimage\",\"url\":\"https:\\\/\\\/ebader.com\\\/wp-content\\\/uploads\\\/2016\\\/01\\\/La-Vanguardia3.jpg\",\"contentUrl\":\"https:\\\/\\\/ebader.com\\\/wp-content\\\/uploads\\\/2016\\\/01\\\/La-Vanguardia3.jpg\"},{\"@type\":\"BreadcrumbList\",\"@id\":\"https:\\\/\\\/ebader.com\\\/en\\\/salimos-en-la-vanguardia\\\/#breadcrumb\",\"itemListElement\":[{\"@type\":\"ListItem\",\"position\":1,\"name\":\"Portada\",\"item\":\"https:\\\/\\\/ebader.com\\\/en\\\/\"},{\"@type\":\"ListItem\",\"position\":2,\"name\":\"SALIMOS EN LA VANGUARDIA\"}]},{\"@type\":\"WebSite\",\"@id\":\"https:\\\/\\\/ebader.com\\\/en\\\/#website\",\"url\":\"https:\\\/\\\/ebader.com\\\/en\\\/\",\"name\":\"EBADER. COMERCIAL FURNITURE MANUFACTURER\",\"description\":\"Furniture design and manufacturing for Travel retail, Display cases, POS displays, promotional spaces, furniture export and installation throughout Europe.\",\"potentialAction\":[{\"@type\":\"SearchAction\",\"target\":{\"@type\":\"EntryPoint\",\"urlTemplate\":\"https:\\\/\\\/ebader.com\\\/en\\\/?s={search_term_string}\"},\"query-input\":{\"@type\":\"PropertyValueSpecification\",\"valueRequired\":true,\"valueName\":\"search_term_string\"}}],\"inLanguage\":\"en-US\"},{\"@type\":\"Person\",\"@id\":\"https:\\\/\\\/ebader.com\\\/en\\\/#\\\/schema\\\/person\\\/fa7822db322179468db5ce930cb59faf\",\"name\":\"EBADER\",\"image\":{\"@type\":\"ImageObject\",\"inLanguage\":\"en-US\",\"@id\":\"https:\\\/\\\/secure.gravatar.com\\\/avatar\\\/a1faa2ec05f800f384a42498c0b816167a50b757f9102852cfff8e6eb01055fd?s=96&d=mm&r=g\",\"url\":\"https:\\\/\\\/secure.gravatar.com\\\/avatar\\\/a1faa2ec05f800f384a42498c0b816167a50b757f9102852cfff8e6eb01055fd?s=96&d=mm&r=g\",\"contentUrl\":\"https:\\\/\\\/secure.gravatar.com\\\/avatar\\\/a1faa2ec05f800f384a42498c0b816167a50b757f9102852cfff8e6eb01055fd?s=96&d=mm&r=g\",\"caption\":\"EBADER\"},\"url\":\"https:\\\/\\\/ebader.com\\\/en\\\/author\\\/ebader\\\/\"}]}<\/script>\n<!-- \/ Yoast SEO plugin. -->","yoast_head_json":{"title":"SALIMOS EN LA VANGUARDIA - EBADER. COMERCIAL FURNITURE MANUFACTURER","robots":{"index":"index","follow":"follow","max-snippet":"max-snippet:-1","max-image-preview":"max-image-preview:large","max-video-preview":"max-video-preview:-1"},"canonical":"https:\/\/ebader.com\/en\/salimos-en-la-vanguardia\/","og_locale":"en_US","og_type":"article","og_title":"SALIMOS EN LA VANGUARDIA - EBADER. COMERCIAL FURNITURE MANUFACTURER","og_url":"https:\/\/ebader.com\/en\/salimos-en-la-vanguardia\/","og_site_name":"EBADER. COMERCIAL FURNITURE MANUFACTURER","article_published_time":"2016-01-26T09:07:00+00:00","article_modified_time":"2018-07-18T09:06:40+00:00","og_image":[{"url":"https:\/\/ebader.com\/wp-content\/uploads\/2016\/01\/La-Vanguardia3.jpg","type":"","width":"","height":""}],"author":"EBADER","twitter_card":"summary_large_image","twitter_misc":{"Written by":"EBADER","Est. reading time":"2 minutes"},"schema":{"@context":"https:\/\/schema.org","@graph":[{"@type":"Article","@id":"https:\/\/ebader.com\/en\/salimos-en-la-vanguardia\/#article","isPartOf":{"@id":"https:\/\/ebader.com\/en\/salimos-en-la-vanguardia\/"},"author":{"name":"EBADER","@id":"https:\/\/ebader.com\/en\/#\/schema\/person\/fa7822db322179468db5ce930cb59faf"},"headline":"SALIMOS EN LA VANGUARDIA","datePublished":"2016-01-26T09:07:00+00:00","dateModified":"2018-07-18T09:06:40+00:00","mainEntityOfPage":{"@id":"https:\/\/ebader.com\/en\/salimos-en-la-vanguardia\/"},"wordCount":387,"image":{"@id":"https:\/\/ebader.com\/en\/salimos-en-la-vanguardia\/#primaryimage"},"thumbnailUrl":"https:\/\/ebader.com\/wp-content\/uploads\/2016\/01\/La-Vanguardia3.jpg","articleSection":["NOTICIAS"],"inLanguage":"en-US"},{"@type":"WebPage","@id":"https:\/\/ebader.com\/en\/salimos-en-la-vanguardia\/","url":"https:\/\/ebader.com\/en\/salimos-en-la-vanguardia\/","name":"SALIMOS EN LA VANGUARDIA - EBADER. COMERCIAL FURNITURE MANUFACTURER","isPartOf":{"@id":"https:\/\/ebader.com\/en\/#website"},"primaryImageOfPage":{"@id":"https:\/\/ebader.com\/en\/salimos-en-la-vanguardia\/#primaryimage"},"image":{"@id":"https:\/\/ebader.com\/en\/salimos-en-la-vanguardia\/#primaryimage"},"thumbnailUrl":"https:\/\/ebader.com\/wp-content\/uploads\/2016\/01\/La-Vanguardia3.jpg","datePublished":"2016-01-26T09:07:00+00:00","dateModified":"2018-07-18T09:06:40+00:00","author":{"@id":"https:\/\/ebader.com\/en\/#\/schema\/person\/fa7822db322179468db5ce930cb59faf"},"breadcrumb":{"@id":"https:\/\/ebader.com\/en\/salimos-en-la-vanguardia\/#breadcrumb"},"inLanguage":"en-US","potentialAction":[{"@type":"ReadAction","target":["https:\/\/ebader.com\/en\/salimos-en-la-vanguardia\/"]}]},{"@type":"ImageObject","inLanguage":"en-US","@id":"https:\/\/ebader.com\/en\/salimos-en-la-vanguardia\/#primaryimage","url":"https:\/\/ebader.com\/wp-content\/uploads\/2016\/01\/La-Vanguardia3.jpg","contentUrl":"https:\/\/ebader.com\/wp-content\/uploads\/2016\/01\/La-Vanguardia3.jpg"},{"@type":"BreadcrumbList","@id":"https:\/\/ebader.com\/en\/salimos-en-la-vanguardia\/#breadcrumb","itemListElement":[{"@type":"ListItem","position":1,"name":"Portada","item":"https:\/\/ebader.com\/en\/"},{"@type":"ListItem","position":2,"name":"SALIMOS EN LA VANGUARDIA"}]},{"@type":"WebSite","@id":"https:\/\/ebader.com\/en\/#website","url":"https:\/\/ebader.com\/en\/","name":"EBADER. COMERCIAL FURNITURE MANUFACTURER","description":"Furniture design and manufacturing for Travel retail, Display cases, POS displays, promotional spaces, furniture export and installation throughout Europe.","potentialAction":[{"@type":"SearchAction","target":{"@type":"EntryPoint","urlTemplate":"https:\/\/ebader.com\/en\/?s={search_term_string}"},"query-input":{"@type":"PropertyValueSpecification","valueRequired":true,"valueName":"search_term_string"}}],"inLanguage":"en-US"},{"@type":"Person","@id":"https:\/\/ebader.com\/en\/#\/schema\/person\/fa7822db322179468db5ce930cb59faf","name":"EBADER","image":{"@type":"ImageObject","inLanguage":"en-US","@id":"https:\/\/secure.gravatar.com\/avatar\/a1faa2ec05f800f384a42498c0b816167a50b757f9102852cfff8e6eb01055fd?s=96&d=mm&r=g","url":"https:\/\/secure.gravatar.com\/avatar\/a1faa2ec05f800f384a42498c0b816167a50b757f9102852cfff8e6eb01055fd?s=96&d=mm&r=g","contentUrl":"https:\/\/secure.gravatar.com\/avatar\/a1faa2ec05f800f384a42498c0b816167a50b757f9102852cfff8e6eb01055fd?s=96&d=mm&r=g","caption":"EBADER"},"url":"https:\/\/ebader.com\/en\/author\/ebader\/"}]}},"_links":{"self":[{"href":"https:\/\/ebader.com\/en\/wp-json\/wp\/v2\/posts\/809","targetHints":{"allow":["GET"]}}],"collection":[{"href":"https:\/\/ebader.com\/en\/wp-json\/wp\/v2\/posts"}],"about":[{"href":"https:\/\/ebader.com\/en\/wp-json\/wp\/v2\/types\/post"}],"author":[{"embeddable":true,"href":"https:\/\/ebader.com\/en\/wp-json\/wp\/v2\/users\/3"}],"replies":[{"embeddable":true,"href":"https:\/\/ebader.com\/en\/wp-json\/wp\/v2\/comments?post=809"}],"version-history":[{"count":14,"href":"https:\/\/ebader.com\/en\/wp-json\/wp\/v2\/posts\/809\/revisions"}],"predecessor-version":[{"id":6221,"href":"https:\/\/ebader.com\/en\/wp-json\/wp\/v2\/posts\/809\/revisions\/6221"}],"wp:attachment":[{"href":"https:\/\/ebader.com\/en\/wp-json\/wp\/v2\/media?parent=809"}],"wp:term":[{"taxonomy":"category","embeddable":true,"href":"https:\/\/ebader.com\/en\/wp-json\/wp\/v2\/categories?post=809"},{"taxonomy":"post_tag","embeddable":true,"href":"https:\/\/ebader.com\/en\/wp-json\/wp\/v2\/tags?post=809"}],"curies":[{"name":"wp","href":"https:\/\/api.w.org\/{rel}","templated":true}]}}