{"id":3592,"date":"2016-08-01T06:35:44","date_gmt":"2016-08-01T05:35:44","guid":{"rendered":"http:\/\/ebader.com\/fr\/periodo-vacacional-2016\/"},"modified":"2018-07-18T10:03:19","modified_gmt":"2018-07-18T09:03:19","slug":"periodo-vacacional-2016","status":"publish","type":"post","link":"https:\/\/ebader.com\/fr\/periodo-vacacional-2016\/","title":{"rendered":"HOLIDAY PERIOD 2016"},"content":{"rendered":"<div class=\"fusion-fullwidth fullwidth-box fusion-builder-row-1 nonhundred-percent-fullwidth non-hundred-percent-height-scrolling\" style=\"--awb-background-position:left top;--awb-border-radius-top-left:0px;--awb-border-radius-top-right:0px;--awb-border-radius-bottom-right:0px;--awb-border-radius-bottom-left:0px;--awb-padding-top:20px;--awb-padding-bottom:20px;--awb-border-sizes-top:0px;--awb-border-sizes-bottom:0px;--awb-flex-wrap:wrap;\" ><div class=\"fusion-builder-row fusion-row\"><div class=\"fusion-layout-column fusion_builder_column fusion-builder-column-0 fusion_builder_column_1_1 1_1 fusion-one-full fusion-column-first fusion-column-last\" style=\"--awb-bg-size:cover;\"><div class=\"fusion-column-wrapper fusion-flex-column-wrapper-legacy\"><div class=\"fusion-text fusion-text-1\"><h3><span style=\"color: #ff6600\">HOLIDAY PERIOD 2016<br \/>\n<\/span><\/h3>\n<\/div><div class=\"fusion-clearfix\"><\/div><\/div><\/div><div class=\"fusion-layout-column fusion_builder_column fusion-builder-column-1 fusion_builder_column_1_4 1_4 fusion-one-fourth fusion-column-first\" style=\"--awb-bg-size:cover;width:22%; margin-right: 4%;\"><div class=\"fusion-column-wrapper fusion-flex-column-wrapper-legacy\"><div class=\"fusion-clearfix\"><\/div><\/div><\/div><div class=\"fusion-layout-column fusion_builder_column fusion-builder-column-2 fusion_builder_column_1_2 1_2 fusion-one-half\" style=\"--awb-bg-size:cover;width:48%; margin-right: 4%;\"><div class=\"fusion-column-wrapper fusion-flex-column-wrapper-legacy\"><div class=\"fusion-slider-sc fusion-flexslider-loading flexslider flexslider-hover-type-none\" data-slideshow_autoplay=\"1\" data-slideshow_smooth_height=\"1\" data-slideshow_speed=\"7000\" style=\"max-width:100%;height:100%;\"><ul class=\"slides\"><li class=\"image\"><span class=\"fusion-image-hover-element hover-type-none\"><img decoding=\"async\" src=\"https:\/\/ebader.com\/wp-content\/uploads\/2016\/01\/3logistica1.jpg\" width=\"2000\" height=\"800\" \/><\/span><\/li><\/ul><\/div><div class=\"fusion-clearfix\"><\/div><\/div><\/div><div class=\"fusion-layout-column fusion_builder_column fusion-builder-column-3 fusion_builder_column_1_4 1_4 fusion-one-fourth fusion-column-last\" style=\"--awb-bg-size:cover;width:22%;\"><div class=\"fusion-column-wrapper fusion-flex-column-wrapper-legacy\"><div class=\"fusion-clearfix\"><\/div><\/div><\/div><div class=\"fusion-layout-column fusion_builder_column fusion-builder-column-4 fusion_builder_column_1_1 1_1 fusion-one-full fusion-column-first fusion-column-last\" style=\"--awb-bg-size:cover;\"><div class=\"fusion-column-wrapper fusion-flex-column-wrapper-legacy\"><div class=\"fusion-text fusion-text-2\"><p>EBADER will be closed from August the 8<sup>th<\/sup> until August 21<sup>st<\/sup> and a new timetable (Monday to Friday from 7.00 am to 15:00 pm) will apply from August the 1<sup>st<\/sup> until September 2<sup>nd<\/sup><\/p>\n<\/div><div class=\"fusion-clearfix\"><\/div><\/div><\/div><\/div><\/div>\n","protected":false},"excerpt":{"rendered":"","protected":false},"author":3,"featured_media":0,"comment_status":"closed","ping_status":"closed","sticky":false,"template":"","format":"standard","meta":{"footnotes":""},"categories":[87],"tags":[],"class_list":["post-3592","post","type-post","status-publish","format-standard","hentry","category-news-fr"],"yoast_head":"<!-- This site is optimized with the Yoast SEO plugin v27.4 - https:\/\/yoast.com\/product\/yoast-seo-wordpress\/ -->\n<title>HOLIDAY PERIOD 2016 - EBADER. COMERCIAL FURNITURE MANUFACTURER<\/title>\n<meta name=\"robots\" content=\"index, follow, max-snippet:-1, max-image-preview:large, max-video-preview:-1\" \/>\n<link rel=\"canonical\" href=\"https:\/\/ebader.com\/fr\/periodo-vacacional-2016\/\" \/>\n<meta property=\"og:locale\" content=\"fr_FR\" \/>\n<meta property=\"og:type\" content=\"article\" \/>\n<meta property=\"og:title\" content=\"HOLIDAY PERIOD 2016 - EBADER. COMERCIAL FURNITURE MANUFACTURER\" \/>\n<meta property=\"og:url\" content=\"https:\/\/ebader.com\/fr\/periodo-vacacional-2016\/\" \/>\n<meta property=\"og:site_name\" content=\"EBADER. COMERCIAL FURNITURE MANUFACTURER\" \/>\n<meta property=\"article:published_time\" content=\"2016-08-01T05:35:44+00:00\" \/>\n<meta property=\"article:modified_time\" content=\"2018-07-18T09:03:19+00:00\" \/>\n<meta name=\"author\" content=\"EBADER\" \/>\n<meta name=\"twitter:card\" content=\"summary_large_image\" \/>\n<meta name=\"twitter:label1\" content=\"\u00c9crit par\" \/>\n\t<meta name=\"twitter:data1\" content=\"EBADER\" \/>\n\t<meta name=\"twitter:label2\" content=\"Dur\u00e9e de lecture estim\u00e9e\" \/>\n\t<meta name=\"twitter:data2\" content=\"2 minutes\" \/>\n<script type=\"application\/ld+json\" class=\"yoast-schema-graph\">{\"@context\":\"https:\\\/\\\/schema.org\",\"@graph\":[{\"@type\":\"Article\",\"@id\":\"https:\\\/\\\/ebader.com\\\/fr\\\/periodo-vacacional-2016\\\/#article\",\"isPartOf\":{\"@id\":\"https:\\\/\\\/ebader.com\\\/fr\\\/periodo-vacacional-2016\\\/\"},\"author\":{\"name\":\"EBADER\",\"@id\":\"https:\\\/\\\/ebader.com\\\/fr\\\/#\\\/schema\\\/person\\\/fa7822db322179468db5ce930cb59faf\"},\"headline\":\"HOLIDAY PERIOD 2016\",\"datePublished\":\"2016-08-01T05:35:44+00:00\",\"dateModified\":\"2018-07-18T09:03:19+00:00\",\"mainEntityOfPage\":{\"@id\":\"https:\\\/\\\/ebader.com\\\/fr\\\/periodo-vacacional-2016\\\/\"},\"wordCount\":419,\"articleSection\":[\"NEWS\"],\"inLanguage\":\"fr-FR\"},{\"@type\":\"WebPage\",\"@id\":\"https:\\\/\\\/ebader.com\\\/fr\\\/periodo-vacacional-2016\\\/\",\"url\":\"https:\\\/\\\/ebader.com\\\/fr\\\/periodo-vacacional-2016\\\/\",\"name\":\"HOLIDAY PERIOD 2016 - EBADER. COMERCIAL FURNITURE MANUFACTURER\",\"isPartOf\":{\"@id\":\"https:\\\/\\\/ebader.com\\\/fr\\\/#website\"},\"datePublished\":\"2016-08-01T05:35:44+00:00\",\"dateModified\":\"2018-07-18T09:03:19+00:00\",\"author\":{\"@id\":\"https:\\\/\\\/ebader.com\\\/fr\\\/#\\\/schema\\\/person\\\/fa7822db322179468db5ce930cb59faf\"},\"breadcrumb\":{\"@id\":\"https:\\\/\\\/ebader.com\\\/fr\\\/periodo-vacacional-2016\\\/#breadcrumb\"},\"inLanguage\":\"fr-FR\",\"potentialAction\":[{\"@type\":\"ReadAction\",\"target\":[\"https:\\\/\\\/ebader.com\\\/fr\\\/periodo-vacacional-2016\\\/\"]}]},{\"@type\":\"BreadcrumbList\",\"@id\":\"https:\\\/\\\/ebader.com\\\/fr\\\/periodo-vacacional-2016\\\/#breadcrumb\",\"itemListElement\":[{\"@type\":\"ListItem\",\"position\":1,\"name\":\"Portada\",\"item\":\"https:\\\/\\\/ebader.com\\\/fr\\\/\"},{\"@type\":\"ListItem\",\"position\":2,\"name\":\"HOLIDAY PERIOD 2016\"}]},{\"@type\":\"WebSite\",\"@id\":\"https:\\\/\\\/ebader.com\\\/fr\\\/#website\",\"url\":\"https:\\\/\\\/ebader.com\\\/fr\\\/\",\"name\":\"EBADER. COMERCIAL FURNITURE MANUFACTURER\",\"description\":\"Furniture design and manufacturing for Travel retail, Display cases, POS displays, promotional spaces, furniture export and installation throughout Europe.\",\"potentialAction\":[{\"@type\":\"SearchAction\",\"target\":{\"@type\":\"EntryPoint\",\"urlTemplate\":\"https:\\\/\\\/ebader.com\\\/fr\\\/?s={search_term_string}\"},\"query-input\":{\"@type\":\"PropertyValueSpecification\",\"valueRequired\":true,\"valueName\":\"search_term_string\"}}],\"inLanguage\":\"fr-FR\"},{\"@type\":\"Person\",\"@id\":\"https:\\\/\\\/ebader.com\\\/fr\\\/#\\\/schema\\\/person\\\/fa7822db322179468db5ce930cb59faf\",\"name\":\"EBADER\",\"image\":{\"@type\":\"ImageObject\",\"inLanguage\":\"fr-FR\",\"@id\":\"https:\\\/\\\/secure.gravatar.com\\\/avatar\\\/a1faa2ec05f800f384a42498c0b816167a50b757f9102852cfff8e6eb01055fd?s=96&d=mm&r=g\",\"url\":\"https:\\\/\\\/secure.gravatar.com\\\/avatar\\\/a1faa2ec05f800f384a42498c0b816167a50b757f9102852cfff8e6eb01055fd?s=96&d=mm&r=g\",\"contentUrl\":\"https:\\\/\\\/secure.gravatar.com\\\/avatar\\\/a1faa2ec05f800f384a42498c0b816167a50b757f9102852cfff8e6eb01055fd?s=96&d=mm&r=g\",\"caption\":\"EBADER\"},\"url\":\"https:\\\/\\\/ebader.com\\\/fr\\\/author\\\/ebader\\\/\"}]}<\/script>\n<!-- \/ Yoast SEO plugin. -->","yoast_head_json":{"title":"HOLIDAY PERIOD 2016 - EBADER. COMERCIAL FURNITURE MANUFACTURER","robots":{"index":"index","follow":"follow","max-snippet":"max-snippet:-1","max-image-preview":"max-image-preview:large","max-video-preview":"max-video-preview:-1"},"canonical":"https:\/\/ebader.com\/fr\/periodo-vacacional-2016\/","og_locale":"fr_FR","og_type":"article","og_title":"HOLIDAY PERIOD 2016 - EBADER. COMERCIAL FURNITURE MANUFACTURER","og_url":"https:\/\/ebader.com\/fr\/periodo-vacacional-2016\/","og_site_name":"EBADER. COMERCIAL FURNITURE MANUFACTURER","article_published_time":"2016-08-01T05:35:44+00:00","article_modified_time":"2018-07-18T09:03:19+00:00","author":"EBADER","twitter_card":"summary_large_image","twitter_misc":{"\u00c9crit par":"EBADER","Dur\u00e9e de lecture estim\u00e9e":"2 minutes"},"schema":{"@context":"https:\/\/schema.org","@graph":[{"@type":"Article","@id":"https:\/\/ebader.com\/fr\/periodo-vacacional-2016\/#article","isPartOf":{"@id":"https:\/\/ebader.com\/fr\/periodo-vacacional-2016\/"},"author":{"name":"EBADER","@id":"https:\/\/ebader.com\/fr\/#\/schema\/person\/fa7822db322179468db5ce930cb59faf"},"headline":"HOLIDAY PERIOD 2016","datePublished":"2016-08-01T05:35:44+00:00","dateModified":"2018-07-18T09:03:19+00:00","mainEntityOfPage":{"@id":"https:\/\/ebader.com\/fr\/periodo-vacacional-2016\/"},"wordCount":419,"articleSection":["NEWS"],"inLanguage":"fr-FR"},{"@type":"WebPage","@id":"https:\/\/ebader.com\/fr\/periodo-vacacional-2016\/","url":"https:\/\/ebader.com\/fr\/periodo-vacacional-2016\/","name":"HOLIDAY PERIOD 2016 - EBADER. COMERCIAL FURNITURE MANUFACTURER","isPartOf":{"@id":"https:\/\/ebader.com\/fr\/#website"},"datePublished":"2016-08-01T05:35:44+00:00","dateModified":"2018-07-18T09:03:19+00:00","author":{"@id":"https:\/\/ebader.com\/fr\/#\/schema\/person\/fa7822db322179468db5ce930cb59faf"},"breadcrumb":{"@id":"https:\/\/ebader.com\/fr\/periodo-vacacional-2016\/#breadcrumb"},"inLanguage":"fr-FR","potentialAction":[{"@type":"ReadAction","target":["https:\/\/ebader.com\/fr\/periodo-vacacional-2016\/"]}]},{"@type":"BreadcrumbList","@id":"https:\/\/ebader.com\/fr\/periodo-vacacional-2016\/#breadcrumb","itemListElement":[{"@type":"ListItem","position":1,"name":"Portada","item":"https:\/\/ebader.com\/fr\/"},{"@type":"ListItem","position":2,"name":"HOLIDAY PERIOD 2016"}]},{"@type":"WebSite","@id":"https:\/\/ebader.com\/fr\/#website","url":"https:\/\/ebader.com\/fr\/","name":"EBADER. COMERCIAL FURNITURE MANUFACTURER","description":"Furniture design and manufacturing for Travel retail, Display cases, POS displays, promotional spaces, furniture export and installation throughout Europe.","potentialAction":[{"@type":"SearchAction","target":{"@type":"EntryPoint","urlTemplate":"https:\/\/ebader.com\/fr\/?s={search_term_string}"},"query-input":{"@type":"PropertyValueSpecification","valueRequired":true,"valueName":"search_term_string"}}],"inLanguage":"fr-FR"},{"@type":"Person","@id":"https:\/\/ebader.com\/fr\/#\/schema\/person\/fa7822db322179468db5ce930cb59faf","name":"EBADER","image":{"@type":"ImageObject","inLanguage":"fr-FR","@id":"https:\/\/secure.gravatar.com\/avatar\/a1faa2ec05f800f384a42498c0b816167a50b757f9102852cfff8e6eb01055fd?s=96&d=mm&r=g","url":"https:\/\/secure.gravatar.com\/avatar\/a1faa2ec05f800f384a42498c0b816167a50b757f9102852cfff8e6eb01055fd?s=96&d=mm&r=g","contentUrl":"https:\/\/secure.gravatar.com\/avatar\/a1faa2ec05f800f384a42498c0b816167a50b757f9102852cfff8e6eb01055fd?s=96&d=mm&r=g","caption":"EBADER"},"url":"https:\/\/ebader.com\/fr\/author\/ebader\/"}]}},"_links":{"self":[{"href":"https:\/\/ebader.com\/fr\/wp-json\/wp\/v2\/posts\/3592","targetHints":{"allow":["GET"]}}],"collection":[{"href":"https:\/\/ebader.com\/fr\/wp-json\/wp\/v2\/posts"}],"about":[{"href":"https:\/\/ebader.com\/fr\/wp-json\/wp\/v2\/types\/post"}],"author":[{"embeddable":true,"href":"https:\/\/ebader.com\/fr\/wp-json\/wp\/v2\/users\/3"}],"replies":[{"embeddable":true,"href":"https:\/\/ebader.com\/fr\/wp-json\/wp\/v2\/comments?post=3592"}],"version-history":[{"count":3,"href":"https:\/\/ebader.com\/fr\/wp-json\/wp\/v2\/posts\/3592\/revisions"}],"predecessor-version":[{"id":6108,"href":"https:\/\/ebader.com\/fr\/wp-json\/wp\/v2\/posts\/3592\/revisions\/6108"}],"wp:attachment":[{"href":"https:\/\/ebader.com\/fr\/wp-json\/wp\/v2\/media?parent=3592"}],"wp:term":[{"taxonomy":"category","embeddable":true,"href":"https:\/\/ebader.com\/fr\/wp-json\/wp\/v2\/categories?post=3592"},{"taxonomy":"post_tag","embeddable":true,"href":"https:\/\/ebader.com\/fr\/wp-json\/wp\/v2\/tags?post=3592"}],"curies":[{"name":"wp","href":"https:\/\/api.w.org\/{rel}","templated":true}]}}